{"id":1181,"date":"2024-09-07T11:39:38","date_gmt":"2024-09-07T14:39:38","guid":{"rendered":"https:\/\/iglesiacatedralbariloche.com\/noticias\/?p=1181"},"modified":"2024-10-29T08:12:39","modified_gmt":"2024-10-29T11:12:39","slug":"colecta-mas-por-menos","status":"publish","type":"post","link":"https:\/\/iglesiacatedralbariloche.com\/noticias\/colecta-mas-por-menos\/","title":{"rendered":"Colecta M\u00e1s por Menos"},"content":{"rendered":"<p class=\"hide-if-no-js\"><img loading=\"lazy\" decoding=\"async\" class=\"attachment-post-thumbnail size-post-thumbnail\" src=\"https:\/\/iglesiacatedralbariloche.com\/noticias\/wp-content\/uploads\/2024\/09\/Colecta-Mas-por-Menos.jpg\" alt=\"\" width=\"580\" height=\"821\" \/><\/p>\n<p>Este fin de semana se realiza en todo el pa\u00eds la Colecta M\u00e1s por Menos,. Acerca tu colaboraci\u00f3n a parroquias y capillas, por transferencia o a Pago F\u00e1cil !!<\/p>\n","protected":false},"excerpt":{"rendered":"<p>Este fin de semana se realiza en todo el pa\u00eds la Colecta M\u00e1s por Menos,. Acerca tu colaboraci\u00f3n a parroquias y capillas, por transferencia o a Pago F\u00e1cil !!<\/p>\n","protected":false},"author":3,"featured_media":0,"comment_status":"closed","ping_status":"closed","sticky":false,"template":"","format":"standard","meta":{"_monsterinsights_skip_tracking":false,"_monsterinsights_sitenote_active":false,"_monsterinsights_sitenote_note":"","_monsterinsights_sitenote_category":0,"footnotes":""},"categories":[5],"tags":[],"class_list":["post-1181","post","type-post","status-publish","format-standard","hentry","category-noticias-y-actualidad"],"_links":{"self":[{"href":"https:\/\/iglesiacatedralbariloche.com\/noticias\/wp-json\/wp\/v2\/posts\/1181","targetHints":{"allow":["GET"]}}],"collection":[{"href":"https:\/\/iglesiacatedralbariloche.com\/noticias\/wp-json\/wp\/v2\/posts"}],"about":[{"href":"https:\/\/iglesiacatedralbariloche.com\/noticias\/wp-json\/wp\/v2\/types\/post"}],"author":[{"embeddable":true,"href":"https:\/\/iglesiacatedralbariloche.com\/noticias\/wp-json\/wp\/v2\/users\/3"}],"replies":[{"embeddable":true,"href":"https:\/\/iglesiacatedralbariloche.com\/noticias\/wp-json\/wp\/v2\/comments?post=1181"}],"version-history":[{"count":2,"href":"https:\/\/iglesiacatedralbariloche.com\/noticias\/wp-json\/wp\/v2\/posts\/1181\/revisions"}],"predecessor-version":[{"id":1191,"href":"https:\/\/iglesiacatedralbariloche.com\/noticias\/wp-json\/wp\/v2\/posts\/1181\/revisions\/1191"}],"wp:attachment":[{"href":"https:\/\/iglesiacatedralbariloche.com\/noticias\/wp-json\/wp\/v2\/media?parent=1181"}],"wp:term":[{"taxonomy":"category","embeddable":true,"href":"https:\/\/iglesiacatedralbariloche.com\/noticias\/wp-json\/wp\/v2\/categories?post=1181"},{"taxonomy":"post_tag","embeddable":true,"href":"https:\/\/iglesiacatedralbariloche.com\/noticias\/wp-json\/wp\/v2\/tags?post=1181"}],"curies":[{"name":"wp","href":"https:\/\/api.w.org\/{rel}","templated":true}]}}