{"id":1453,"date":"2026-03-13T11:24:34","date_gmt":"2026-03-13T14:24:34","guid":{"rendered":"https:\/\/iglesiacatedralbariloche.com\/noticias\/?p=1453"},"modified":"2026-03-13T11:24:34","modified_gmt":"2026-03-13T14:24:34","slug":"hoy-los-esperamos","status":"publish","type":"post","link":"https:\/\/iglesiacatedralbariloche.com\/noticias\/hoy-los-esperamos\/","title":{"rendered":"Hoy, los esperamos"},"content":{"rendered":"<p><a id=\"set-post-thumbnail\" class=\"thickbox\" href=\"https:\/\/iglesiacatedralbariloche.com\/noticias\/wp-admin\/media-upload.php?post_id=1453&amp;type=image&amp;TB_iframe=1\" aria-describedby=\"set-post-thumbnail-desc\"><img loading=\"lazy\" decoding=\"async\" class=\"attachment-post-thumbnail size-post-thumbnail\" src=\"https:\/\/iglesiacatedralbariloche.com\/noticias\/wp-content\/uploads\/2026\/03\/Mensaje-de-Belfiore-1-de-2.jpg\" alt=\"\" width=\"580\" height=\"580\" \/><\/a><\/p>\n<div dir=\"auto\">24 HORAS PARA EL SE\u00d1OR &#8211; VIERNES 13 DE MARZO<\/div>\n<div dir=\"auto\">La iniciativa 24 Horas para el Se\u00f1or , un programa cuaresmal de oraci\u00f3n y reconciliaci\u00f3n que se celebra anualmente en di\u00f3cesis de todo el mundo en v\u00edsperas del cuarto domingo de Cuaresma, ha llegado a su decimotercera edici\u00f3n. El lema elegido por Le\u00f3n XIV proviene de un vers\u00edculo del Evangelio de Juan: \u00abHe venido a salvar al mundo\u00bb (Jn 12,47).<\/div>\n","protected":false},"excerpt":{"rendered":"<p>24 HORAS PARA EL SE\u00d1OR &#8211; VIERNES 13 DE MARZO La iniciativa 24 Horas para el Se\u00f1or , un programa cuaresmal de oraci\u00f3n y reconciliaci\u00f3n que se celebra anualmente en di\u00f3cesis de todo el mundo en v\u00edsperas del cuarto domingo de Cuaresma, ha llegado a su decimotercera edici\u00f3n. El lema elegido por Le\u00f3n XIV proviene [&hellip;]<\/p>\n","protected":false},"author":3,"featured_media":0,"comment_status":"closed","ping_status":"closed","sticky":false,"template":"","format":"standard","meta":{"_monsterinsights_skip_tracking":false,"_monsterinsights_sitenote_active":false,"_monsterinsights_sitenote_note":"","_monsterinsights_sitenote_category":0,"footnotes":""},"categories":[5],"tags":[],"class_list":["post-1453","post","type-post","status-publish","format-standard","hentry","category-noticias-y-actualidad"],"_links":{"self":[{"href":"https:\/\/iglesiacatedralbariloche.com\/noticias\/wp-json\/wp\/v2\/posts\/1453","targetHints":{"allow":["GET"]}}],"collection":[{"href":"https:\/\/iglesiacatedralbariloche.com\/noticias\/wp-json\/wp\/v2\/posts"}],"about":[{"href":"https:\/\/iglesiacatedralbariloche.com\/noticias\/wp-json\/wp\/v2\/types\/post"}],"author":[{"embeddable":true,"href":"https:\/\/iglesiacatedralbariloche.com\/noticias\/wp-json\/wp\/v2\/users\/3"}],"replies":[{"embeddable":true,"href":"https:\/\/iglesiacatedralbariloche.com\/noticias\/wp-json\/wp\/v2\/comments?post=1453"}],"version-history":[{"count":1,"href":"https:\/\/iglesiacatedralbariloche.com\/noticias\/wp-json\/wp\/v2\/posts\/1453\/revisions"}],"predecessor-version":[{"id":1456,"href":"https:\/\/iglesiacatedralbariloche.com\/noticias\/wp-json\/wp\/v2\/posts\/1453\/revisions\/1456"}],"wp:attachment":[{"href":"https:\/\/iglesiacatedralbariloche.com\/noticias\/wp-json\/wp\/v2\/media?parent=1453"}],"wp:term":[{"taxonomy":"category","embeddable":true,"href":"https:\/\/iglesiacatedralbariloche.com\/noticias\/wp-json\/wp\/v2\/categories?post=1453"},{"taxonomy":"post_tag","embeddable":true,"href":"https:\/\/iglesiacatedralbariloche.com\/noticias\/wp-json\/wp\/v2\/tags?post=1453"}],"curies":[{"name":"wp","href":"https:\/\/api.w.org\/{rel}","templated":true}]}}