{"id":209,"date":"2020-08-28T16:42:53","date_gmt":"2020-08-28T19:42:53","guid":{"rendered":"https:\/\/iglesiacatedralbariloche.com\/noticias\/?p=209"},"modified":"2020-08-28T16:42:53","modified_gmt":"2020-08-28T19:42:53","slug":"comunicado-de-la-diocesis-de-san-carlos-de-bariloche","status":"publish","type":"post","link":"https:\/\/iglesiacatedralbariloche.com\/noticias\/comunicado-de-la-diocesis-de-san-carlos-de-bariloche\/","title":{"rendered":"Comunicado de la Di\u00f3cesis de San Carlos de Bariloche"},"content":{"rendered":"<p>Los sacerdotes de la ciudad de Bariloche, avalados por el obispo Juan Jos\u00e9 Chaparro, enviaron una carta a la gobernadora Arabela Carreras solicitando la apertura de las celebraciones con la participaci\u00f3n de fieles hasta el 50% de la capacidad de los templos, cumpliendo con el protocolo de seguridad.<br \/>\nLos invitamos a leer la carta completa<\/p>\n<p>Sra. Gobernadora de la Provincia de R\u00edo Negro Licenciada Arabela Carreras<\/p>\n<p>\u201cDe nuestra mayor consideraci\u00f3n.<br \/>\nNos dirigimos a usted como sacerdotes de la Ciudad de San Carlos de Bariloche para hacerle llegar nuestra inquietud por un tema que nos preocupa seriamente.<\/p>\n<p>A lo largo de todo este prolongado tiempo de pandemia la Iglesia Cat\u00f3lica de la Di\u00f3cesis de San Carlos de Bariloche ha colaborado con la Salud P\u00fablica de la Provincia para que el cuidado de la poblaci\u00f3n en lo que de nosotros depende estuviese garantizado. Al mismo tiempo desde el primer momento hemos colaborado tambi\u00e9n desde CARITAS en la asistencia a la poblaci\u00f3n m\u00e1s afectada ante la crisis econ\u00f3mica que esta coyuntura ha tra\u00eddo aparejada.<\/p>\n<p>En diferentes ocasiones hemos dialogado con el intendente de San Carlos de Bariloche sobre nuestra preocupaci\u00f3n por la realidad social y al mismo tiempo hemos presentado un protocolo para poder comenzar a realizar nuestras celebraciones religiosas con una apertura paulatina a la participaci\u00f3n de fieles. Tambi\u00e9n nuestro obispo ha hecho lo propio para con Ud.<\/p>\n<p>Cada d\u00eda son m\u00e1s los fieles que nos reclaman su necesidad de participar del culto, como as\u00ed tambi\u00e9n la realizaci\u00f3n de las ceremonias de bautismos y matrimonios, suspendidas hace m\u00e1s de cinco meses y que son parte de las necesidades espirituales b\u00e1sicas de los creyentes. Creemos adem\u00e1s que la contenci\u00f3n espiritual es parte esencial en la vida de aquellas personas que asisten a nuestra iglesia.<\/p>\n<p>Desde hace m\u00e1s de un mes hemos visto con asombro que se ha permitido la apertura de bares y restaurantes (lugares cerrados mucho m\u00e1s chicos que la mayor\u00eda de nuestros templos) con la posibilidad de ingreso de hasta el 50% de su capacidad; al mismo tiempo que de parte de las autoridades no hemos recibido respuesta alguna a nuestras demandas. As\u00ed mismo no vemos el por qu\u00e9 no se pone obst\u00e1culos a las actividades referentes a la acci\u00f3n social a trav\u00e9s de CARITAS en nuestras parroquias (en las que participa una numerosa cantidad de gente) y la imposibilidad de ejercer libremente nuestras actividades religiosas.<\/p>\n<p>Al no recibir respuesta del por qu\u00e9 no se nos ha autorizado a abrir nuestros templos con participaci\u00f3n de fieles creemos que no hay motivos objetivos que suponga m\u00e1s peligrosa para la salud la participaci\u00f3n en celebraciones religiosas que la apertura de bares y restaurantes, piscinas o gimnasios. La Conferencia Episcopal Argentina ha presentado a las autoridades nacionales el correspondiente protocolo que ya le hemos entregado en mano oportunamente al intendente, y que est\u00e1 vigente en muchas provincias en las que ya se han habilitado las celebraciones religiosas. Cabe destacar que en la Ciudad de Buenos Aires a partir del mes de Setiembre estar\u00e1n autorizada la celebraci\u00f3n de las misas con presencia de fieles de hasta 40 personas.<\/p>\n<p>Por esta raz\u00f3n sentimos que a esta altura la prohibici\u00f3n que pesa sobre nuestras actividades corresponden m\u00e1s a una discriminaci\u00f3n religiosa, que a motivos objetivos; y si no es as\u00ed solicitamos que se nos d\u00e9 una explicaci\u00f3n clara y objetiva.<\/p>\n<p>Al mismo tiempo volvemos a afirmar que contamos con los protocolos y los medios necesarios para poder velar por el cuidado de la salud de nuestros fieles sin que haya mayores riesgos que los que pueda haber en otros lugares que est\u00e1n en las mismas condiciones que nosotros y ya han sido habilitados. Por eso deseamos se considere nuestro pedido expl\u00edcito de comenzar con nuestras celebraciones con la participaci\u00f3n de fieles hasta el 50% de la capacidad de nuestros templos a partir de los primeros d\u00edas del mes de setiembre.<\/p>\n<p>Le rogamos tenga a bien hacer lugar a nuestro pedido esperando una pronta y concreta respuesta a esta carta, al mismo tiempo que encomendamos su gesti\u00f3n a la protecci\u00f3n de Dios\u201d.<\/p>\n<p>Pbro. Fernando Rodr\u00edguez, Vicario General y administrador parroquial de Virgen del Carmen<br \/>\nPbro. Eduardo De Paola, Vicario Judicial<br \/>\nPbro. Pascual Bernick, rector de la Catedral<br \/>\nPbro. Branco Jan, p\u00e1rroco de Medalla Milagrosa<br \/>\nPbro. Javier Bonan, p\u00e1rroco de Virgen de las Nieves y Virgen Misionera<br \/>\nPbro. Jos\u00e9 M. Lynch, p\u00e1rroco de San Francisco<br \/>\nPbro. Pablo Bustos sdb, p\u00e1rroco de San Cayetano<br \/>\nPbro. Hugo Ram\u00edrez, p\u00e1rroco de Santo Cristo<br \/>\nPbro. Roberto Asis, p\u00e1rroco de Mar\u00eda Madre<br \/>\nPbro. Ricardo Belfiore, p\u00e1rroco de Virgen del Valle<br \/>\nPbro. Gustavo Brianese, p\u00e1rroco de San Eduardo<br \/>\nPbro. Jorge Pliauzer, p\u00e1rroco de La Inmaculada Concepci\u00f3n<br \/>\nPbro. Adri\u00e1n Stanizo, vicario de la Catedral<br \/>\nPbro. Gustavo Hern\u00e1ndez, vicario parroquial de La Inmaculada Concepci\u00f3n<br \/>\nPbro. Miguel Gallichio, vicario parroquial de Virgen de las Nieves y Virgen Misionera<br \/>\nPbro. Mat\u00edas Amed sdb, vicario parroquial de San Cayetano<\/p>\n<p>+Mons. Juan Jos\u00e9 Chaparro, obispo de Bariloche<\/p>\n<p>PD: Adjuntamos a esta carta el protocolo correspondiente para las celebraciones con participaci\u00f3n de fieles.<\/p>\n<p><strong>Protocolo Misa en la Di\u00f3cesis de San Carlos de Bariloche<\/strong><\/p>\n<p>Antes de la Celebraci\u00f3n:<br \/>\nIdentificar los bancos que se pueden utilizar para que haya distancia suficiente entre los fieles, de manera que respetando el distanciamiento social pueda recibirse al 50 % de la capacidad habitual. Seg\u00fan normativa municipal para gimnasios, restaurantes, cervecer\u00edas, etc.<\/p>\n<p>Se mantendr\u00e1 vac\u00eda la pila con agua bendita.<\/p>\n<p>Para asistir a Misa se deber\u00e1 reservar con anticipaci\u00f3n el horario para no superar el n\u00famero de participantes habilitados.<\/p>\n<p>Se les recordar\u00e1 que no se puede asistir teniendo alguno de los s\u00edntomas de Coronavirus.<\/p>\n<p>A las personas mayores o a quienes tengan alguna enfermedad, que las hace parte de grupos de riesgo, se les recomienda no participar de las celebraciones comunitarias.<\/p>\n<p>Continuaremos con la emisi\u00f3n y grabaci\u00f3n de las Misas por la plataforma correspondientes a cada parroquia (si la tuvieren) como lo venimos haciendo habitualmente para aquellos que no puedan concurrir personalmente y puedan participar desde casa.<\/p>\n<p>En la puerta habr\u00e1 una persona con alcohol diluido para rociar las manos de los que ingresan y les indicar\u00e1 el lugar en que deban sentarse.<\/p>\n<p>Durante la celebraci\u00f3n:<\/p>\n<p>Cada persona permanecer\u00e1 en su sitio mientras dure la celebraci\u00f3n con el barbijo puesto.<\/p>\n<p>Con respecto al ministerio de la m\u00fasica habr\u00e1 un solo cantor o cantora con el acompa\u00f1amiento de alg\u00fan instrumento. Se quitar\u00e1n los libros de cantos.<\/p>\n<p>En el momento de la presentaci\u00f3n de los dones, las ofrendas y los vasos sagrados estar\u00e1n ya pr\u00f3ximos al altar, por lo tanto, no se realizar\u00e1 la procesi\u00f3n de dones. Tanto el sacerdote como los ministros deber\u00e1n desinfectarse las manos antes de comenzar esta parte de la celebraci\u00f3n y antes de distribuir la comuni\u00f3n.<\/p>\n<p>No se pasar\u00e1 la colecta como se hace de costumbre, si no que la ofrenda de dinero ser\u00e1 entregada por los fieles al final de la celebraci\u00f3n en los recipientes destinados para tal fin a la salida del templo.<\/p>\n<p>No se realizar\u00e1 el saludo de la paz.<\/p>\n<p>Para la comuni\u00f3n, el sacerdote se desinfectar\u00e1 con alcohol y se acercar\u00e1 a cada fiel para dar la comuni\u00f3n en la mano. Despu\u00e9s se volver\u00e1 a desinfectar las manos y concluir\u00e1 la Misa.<\/p>\n<p>Despu\u00e9s de la celebraci\u00f3n:<\/p>\n<p>Se ventilar\u00e1 la Capilla, y se proceder\u00e1 a la limpieza y desinfecci\u00f3n antes de la siguiente Misa.<\/p>\n<p>&nbsp;<\/p>\n","protected":false},"excerpt":{"rendered":"<p>Los sacerdotes de la ciudad de Bariloche, avalados por el obispo Juan Jos\u00e9 Chaparro, enviaron una carta a la gobernadora Arabela Carreras solicitando la apertura de las celebraciones con la participaci\u00f3n de fieles hasta el 50% de la capacidad de los templos, cumpliendo con el protocolo de seguridad. Los invitamos a leer la carta completa [&hellip;]<\/p>\n","protected":false},"author":3,"featured_media":0,"comment_status":"closed","ping_status":"open","sticky":false,"template":"","format":"standard","meta":{"_monsterinsights_skip_tracking":false,"_monsterinsights_sitenote_active":false,"_monsterinsights_sitenote_note":"","_monsterinsights_sitenote_category":0,"footnotes":""},"categories":[5],"tags":[],"class_list":["post-209","post","type-post","status-publish","format-standard","hentry","category-noticias-y-actualidad"],"_links":{"self":[{"href":"https:\/\/iglesiacatedralbariloche.com\/noticias\/wp-json\/wp\/v2\/posts\/209","targetHints":{"allow":["GET"]}}],"collection":[{"href":"https:\/\/iglesiacatedralbariloche.com\/noticias\/wp-json\/wp\/v2\/posts"}],"about":[{"href":"https:\/\/iglesiacatedralbariloche.com\/noticias\/wp-json\/wp\/v2\/types\/post"}],"author":[{"embeddable":true,"href":"https:\/\/iglesiacatedralbariloche.com\/noticias\/wp-json\/wp\/v2\/users\/3"}],"replies":[{"embeddable":true,"href":"https:\/\/iglesiacatedralbariloche.com\/noticias\/wp-json\/wp\/v2\/comments?post=209"}],"version-history":[{"count":1,"href":"https:\/\/iglesiacatedralbariloche.com\/noticias\/wp-json\/wp\/v2\/posts\/209\/revisions"}],"predecessor-version":[{"id":210,"href":"https:\/\/iglesiacatedralbariloche.com\/noticias\/wp-json\/wp\/v2\/posts\/209\/revisions\/210"}],"wp:attachment":[{"href":"https:\/\/iglesiacatedralbariloche.com\/noticias\/wp-json\/wp\/v2\/media?parent=209"}],"wp:term":[{"taxonomy":"category","embeddable":true,"href":"https:\/\/iglesiacatedralbariloche.com\/noticias\/wp-json\/wp\/v2\/categories?post=209"},{"taxonomy":"post_tag","embeddable":true,"href":"https:\/\/iglesiacatedralbariloche.com\/noticias\/wp-json\/wp\/v2\/tags?post=209"}],"curies":[{"name":"wp","href":"https:\/\/api.w.org\/{rel}","templated":true}]}}