{"id":243,"date":"2020-10-03T10:37:11","date_gmt":"2020-10-03T13:37:11","guid":{"rendered":"https:\/\/iglesiacatedralbariloche.com\/noticias\/?p=243"},"modified":"2021-03-09T22:26:38","modified_gmt":"2021-03-10T01:26:38","slug":"vuelve-la-celebracion-de-misas","status":"publish","type":"post","link":"https:\/\/iglesiacatedralbariloche.com\/noticias\/vuelve-la-celebracion-de-misas\/","title":{"rendered":"Vuelve la celebraci\u00f3n de las misas"},"content":{"rendered":"<p>A partir del s\u00e1bado 2 de octubre retomamos las misas con la participaci\u00f3n de fieles<br \/>\nHorarios de Misa<br \/>\nLunes a s\u00e1bados a las 19 Horas, Domingos 11 y 19 Horas<br \/>\nPara Participar:<br \/>\nEstar 15 minutos antes del comienzo para ubicarlos seg\u00fan protocolo<br \/>\nAsistir con barbijo y alcohol en gel<br \/>\nEvitar la asistencia, los adultos mayores y personas en situaci\u00f3n de riesgo frente al COVID-19<\/p>\n<p>Les pedimos a todos aquellos que se quieran ofrecer para dar la bienvenida y colaborar con la atenci\u00f3n previa y durante la misa acercarse 30 minutos antes del comienzo de la misa<\/p>\n<p class=\"hide-if-no-js\"><img loading=\"lazy\" decoding=\"async\" class=\"attachment-post-thumbnail alignnone\" src=\"https:\/\/iglesiacatedralbariloche.com\/noticias\/wp-content\/uploads\/2020\/10\/Misas-en-Octubre-1.jpg\" sizes=\"auto, (max-width: 580px) 100vw, 580px\" srcset=\"https:\/\/iglesiacatedralbariloche.com\/noticias\/wp-content\/uploads\/2020\/10\/Misas-en-Octubre-1.jpg 800w, https:\/\/iglesiacatedralbariloche.com\/noticias\/wp-content\/uploads\/2020\/10\/Misas-en-Octubre-1-300x300.jpg 300w, https:\/\/iglesiacatedralbariloche.com\/noticias\/wp-content\/uploads\/2020\/10\/Misas-en-Octubre-1-150x150.jpg 150w, https:\/\/iglesiacatedralbariloche.com\/noticias\/wp-content\/uploads\/2020\/10\/Misas-en-Octubre-1-768x768.jpg 768w\" alt=\"\" width=\"580\" height=\"580\" \/><\/p>\n","protected":false},"excerpt":{"rendered":"<p>A partir del s\u00e1bado 2 de octubre retomamos las misas con la participaci\u00f3n de fieles Horarios de Misa Lunes a s\u00e1bados a las 19 Horas, Domingos 11 y 19 Horas Para Participar: Estar 15 minutos antes del comienzo para ubicarlos seg\u00fan protocolo Asistir con barbijo y alcohol en gel Evitar la asistencia, los adultos mayores [&hellip;]<\/p>\n","protected":false},"author":3,"featured_media":0,"comment_status":"closed","ping_status":"open","sticky":false,"template":"","format":"standard","meta":{"_monsterinsights_skip_tracking":false,"_monsterinsights_sitenote_active":false,"_monsterinsights_sitenote_note":"","_monsterinsights_sitenote_category":0,"footnotes":""},"categories":[5],"tags":[],"class_list":["post-243","post","type-post","status-publish","format-standard","hentry","category-noticias-y-actualidad"],"_links":{"self":[{"href":"https:\/\/iglesiacatedralbariloche.com\/noticias\/wp-json\/wp\/v2\/posts\/243","targetHints":{"allow":["GET"]}}],"collection":[{"href":"https:\/\/iglesiacatedralbariloche.com\/noticias\/wp-json\/wp\/v2\/posts"}],"about":[{"href":"https:\/\/iglesiacatedralbariloche.com\/noticias\/wp-json\/wp\/v2\/types\/post"}],"author":[{"embeddable":true,"href":"https:\/\/iglesiacatedralbariloche.com\/noticias\/wp-json\/wp\/v2\/users\/3"}],"replies":[{"embeddable":true,"href":"https:\/\/iglesiacatedralbariloche.com\/noticias\/wp-json\/wp\/v2\/comments?post=243"}],"version-history":[{"count":6,"href":"https:\/\/iglesiacatedralbariloche.com\/noticias\/wp-json\/wp\/v2\/posts\/243\/revisions"}],"predecessor-version":[{"id":416,"href":"https:\/\/iglesiacatedralbariloche.com\/noticias\/wp-json\/wp\/v2\/posts\/243\/revisions\/416"}],"wp:attachment":[{"href":"https:\/\/iglesiacatedralbariloche.com\/noticias\/wp-json\/wp\/v2\/media?parent=243"}],"wp:term":[{"taxonomy":"category","embeddable":true,"href":"https:\/\/iglesiacatedralbariloche.com\/noticias\/wp-json\/wp\/v2\/categories?post=243"},{"taxonomy":"post_tag","embeddable":true,"href":"https:\/\/iglesiacatedralbariloche.com\/noticias\/wp-json\/wp\/v2\/tags?post=243"}],"curies":[{"name":"wp","href":"https:\/\/api.w.org\/{rel}","templated":true}]}}