{"id":58,"date":"2019-12-08T16:46:29","date_gmt":"2019-12-08T19:46:29","guid":{"rendered":"https:\/\/iglesiacatedralbariloche.com\/noticias\/?p=58"},"modified":"2020-07-15T17:33:50","modified_gmt":"2020-07-15T20:33:50","slug":"concierto-en-la-catedral-el-8-de-diciembre-del-2019","status":"publish","type":"post","link":"https:\/\/iglesiacatedralbariloche.com\/noticias\/concierto-en-la-catedral-el-8-de-diciembre-del-2019\/","title":{"rendered":"Concierto en la Catedral el 8 de Diciembre del 2019"},"content":{"rendered":"<p>Requiem en Re menor, Op. 48.<br \/>\nDe Gabriel Faur\u00e9<br \/>\nCon la Orquesta Filarm\u00f3nica de R\u00edo Negro<br \/>\n00:04 Pie Jesu<br \/>\n03:40 Agnus Dei<br \/>\nLaura Romero. SOPRANO<br \/>\nMart\u00edn Fraile Milstein, DIRECTOR<br \/>\nSEXTA Temporada<br \/>\nCatedral Nuestra Se\u00f1ora del Nahuel Huapi de San Carlos de Bariloche<\/p>\n<p>Producci\u00f3n y Realizaci\u00f3n Audiovisual: Tom\u00e1s Miguel &#8211; Hector Rodr\u00edguez Telechea.<br \/>\n\u266b Orquesta Filarm\u00f3nica de R\u00edo Negro<br \/>\n\u266b Miembros invitados Orquesta Filarm\u00f3nica de Chascom\u00fas<br \/>\n\u266b Agrupaci\u00f3n Coral &#8220;Cantores de Bariloche&#8221;<br \/>\n\u266b Coro de Ni\u00f1os y J\u00f3venes Cantores de Bariloche<br \/>\n\u266b Coro de C\u00e1mara Municipal de Bariloche<\/p>\n<div>\u266b Coro de C\u00e1mara Patagonia<\/div>\n<p><iframe loading=\"lazy\" src=\"https:\/\/www.youtube.com\/embed\/GcgqRdAAzm0\" width=\"560\" height=\"315\" frameborder=\"0\" allowfullscreen=\"allowfullscreen\"><\/iframe><\/p>\n","protected":false},"excerpt":{"rendered":"<p>Requiem en Re menor, Op. 48. De Gabriel Faur\u00e9 Con la Orquesta Filarm\u00f3nica de R\u00edo Negro 00:04 Pie Jesu 03:40 Agnus Dei Laura Romero. SOPRANO Mart\u00edn Fraile Milstein, DIRECTOR SEXTA Temporada Catedral Nuestra Se\u00f1ora del Nahuel Huapi de San Carlos de Bariloche Producci\u00f3n y Realizaci\u00f3n Audiovisual: Tom\u00e1s Miguel &#8211; Hector Rodr\u00edguez Telechea. \u266b Orquesta Filarm\u00f3nica [&hellip;]<\/p>\n","protected":false},"author":1,"featured_media":0,"comment_status":"closed","ping_status":"open","sticky":false,"template":"","format":"standard","meta":{"_monsterinsights_skip_tracking":false,"_monsterinsights_sitenote_active":false,"_monsterinsights_sitenote_note":"","_monsterinsights_sitenote_category":0,"footnotes":""},"categories":[5],"tags":[],"class_list":["post-58","post","type-post","status-publish","format-standard","hentry","category-noticias-y-actualidad"],"_links":{"self":[{"href":"https:\/\/iglesiacatedralbariloche.com\/noticias\/wp-json\/wp\/v2\/posts\/58","targetHints":{"allow":["GET"]}}],"collection":[{"href":"https:\/\/iglesiacatedralbariloche.com\/noticias\/wp-json\/wp\/v2\/posts"}],"about":[{"href":"https:\/\/iglesiacatedralbariloche.com\/noticias\/wp-json\/wp\/v2\/types\/post"}],"author":[{"embeddable":true,"href":"https:\/\/iglesiacatedralbariloche.com\/noticias\/wp-json\/wp\/v2\/users\/1"}],"replies":[{"embeddable":true,"href":"https:\/\/iglesiacatedralbariloche.com\/noticias\/wp-json\/wp\/v2\/comments?post=58"}],"version-history":[{"count":1,"href":"https:\/\/iglesiacatedralbariloche.com\/noticias\/wp-json\/wp\/v2\/posts\/58\/revisions"}],"predecessor-version":[{"id":59,"href":"https:\/\/iglesiacatedralbariloche.com\/noticias\/wp-json\/wp\/v2\/posts\/58\/revisions\/59"}],"wp:attachment":[{"href":"https:\/\/iglesiacatedralbariloche.com\/noticias\/wp-json\/wp\/v2\/media?parent=58"}],"wp:term":[{"taxonomy":"category","embeddable":true,"href":"https:\/\/iglesiacatedralbariloche.com\/noticias\/wp-json\/wp\/v2\/categories?post=58"},{"taxonomy":"post_tag","embeddable":true,"href":"https:\/\/iglesiacatedralbariloche.com\/noticias\/wp-json\/wp\/v2\/tags?post=58"}],"curies":[{"name":"wp","href":"https:\/\/api.w.org\/{rel}","templated":true}]}}