{"id":609,"date":"2021-07-19T11:01:52","date_gmt":"2021-07-19T14:01:52","guid":{"rendered":"https:\/\/iglesiacatedralbariloche.com\/noticias\/?p=609"},"modified":"2021-12-09T23:11:49","modified_gmt":"2021-12-10T02:11:49","slug":"jornada-de-oracion-por-los-fallecidos-por-covid","status":"publish","type":"post","link":"https:\/\/iglesiacatedralbariloche.com\/noticias\/jornada-de-oracion-por-los-fallecidos-por-covid\/","title":{"rendered":"Jornada de Oraci\u00f3n por los fallecidos por Covid"},"content":{"rendered":"<p class=\"hide-if-no-js\"><img loading=\"lazy\" decoding=\"async\" class=\"attachment-post-thumbnail alignnone\" src=\"https:\/\/iglesiacatedralbariloche.com\/noticias\/wp-content\/uploads\/2021\/07\/Jornada-de-Oracion-Fallecidos-del-Covid.jpg\" alt=\"\" width=\"580\" height=\"486\" \/><\/p>\n<p>Recordamos que para disponer de un lugar en la celebraci\u00f3n deber\u00e1n inscribirse en &#8220;Turnos de Misa&#8221;, en la p\u00e1gina Web de la Iglesia Catedral, el instructivo se puede consultar en &#8220;Noticias&#8221; del mismo sitio, gracias<\/p>\n","protected":false},"excerpt":{"rendered":"<p>Recordamos que para disponer de un lugar en la celebraci\u00f3n deber\u00e1n inscribirse en &#8220;Turnos de Misa&#8221;, en la p\u00e1gina Web de la Iglesia Catedral, el instructivo se puede consultar en &#8220;Noticias&#8221; del mismo sitio, gracias<\/p>\n","protected":false},"author":3,"featured_media":0,"comment_status":"closed","ping_status":"open","sticky":false,"template":"","format":"standard","meta":{"_monsterinsights_skip_tracking":false,"_monsterinsights_sitenote_active":false,"_monsterinsights_sitenote_note":"","_monsterinsights_sitenote_category":0,"footnotes":""},"categories":[5],"tags":[],"class_list":["post-609","post","type-post","status-publish","format-standard","hentry","category-noticias-y-actualidad"],"_links":{"self":[{"href":"https:\/\/iglesiacatedralbariloche.com\/noticias\/wp-json\/wp\/v2\/posts\/609","targetHints":{"allow":["GET"]}}],"collection":[{"href":"https:\/\/iglesiacatedralbariloche.com\/noticias\/wp-json\/wp\/v2\/posts"}],"about":[{"href":"https:\/\/iglesiacatedralbariloche.com\/noticias\/wp-json\/wp\/v2\/types\/post"}],"author":[{"embeddable":true,"href":"https:\/\/iglesiacatedralbariloche.com\/noticias\/wp-json\/wp\/v2\/users\/3"}],"replies":[{"embeddable":true,"href":"https:\/\/iglesiacatedralbariloche.com\/noticias\/wp-json\/wp\/v2\/comments?post=609"}],"version-history":[{"count":2,"href":"https:\/\/iglesiacatedralbariloche.com\/noticias\/wp-json\/wp\/v2\/posts\/609\/revisions"}],"predecessor-version":[{"id":685,"href":"https:\/\/iglesiacatedralbariloche.com\/noticias\/wp-json\/wp\/v2\/posts\/609\/revisions\/685"}],"wp:attachment":[{"href":"https:\/\/iglesiacatedralbariloche.com\/noticias\/wp-json\/wp\/v2\/media?parent=609"}],"wp:term":[{"taxonomy":"category","embeddable":true,"href":"https:\/\/iglesiacatedralbariloche.com\/noticias\/wp-json\/wp\/v2\/categories?post=609"},{"taxonomy":"post_tag","embeddable":true,"href":"https:\/\/iglesiacatedralbariloche.com\/noticias\/wp-json\/wp\/v2\/tags?post=609"}],"curies":[{"name":"wp","href":"https:\/\/api.w.org\/{rel}","templated":true}]}}