{"id":868,"date":"2022-12-07T09:36:32","date_gmt":"2022-12-07T12:36:32","guid":{"rendered":"https:\/\/iglesiacatedralbariloche.com\/noticias\/?p=868"},"modified":"2022-12-07T09:39:12","modified_gmt":"2022-12-07T12:39:12","slug":"concierto-de-la-filarmonica-de-rio-negro","status":"publish","type":"post","link":"https:\/\/iglesiacatedralbariloche.com\/noticias\/concierto-de-la-filarmonica-de-rio-negro\/","title":{"rendered":"Concierto de la Filarm\u00f3nica de R\u00edo Negro"},"content":{"rendered":"<p><img loading=\"lazy\" decoding=\"async\" class=\"attachment-post-thumbnail size-post-thumbnail\" src=\"https:\/\/iglesiacatedralbariloche.com\/noticias\/wp-content\/uploads\/2022\/12\/Concierto-de-Navidad-1200x1500.jpg\" alt=\"\" width=\"580\" height=\"725\" \/><\/p>\n<p>El programa de concierto incluir\u00e1 el estreno de \u201cEl Tronador\u201d, preludio sinf\u00f3nico compuesto por Francisco V\u00e1squez; el Concierto para viol\u00edn Op. 61 de Ludwig Van Beethoven con la participaci\u00f3n como solista del concertino de la orquesta, Luis Salva; el R\u00e9quiem Op. 48 de Gabriel Faur\u00e9 y el Agnus Dei de la Misa Nro. 2 de Franz Schubert con la participaci\u00f3n en estas obras sinf\u00f3nico corales de la soprano Laura Romero y el bar\u00edtono Iv\u00e1n Arnsek. Estos conciertos marcar\u00e1n el debut del Coro Sinf\u00f3nico de la Filarm\u00f3nica de R\u00edo Negro dirigido por H\u00e9ctor Rafael Bisso con la asistencia como directoras adjuntas de Gimena Altmann Beveraggi y Valeria Giraudo.<\/p>\n<p>Entrada libre y gratuita (por orden de llegada, se recomienda presentarse 15 minutos antes del espect\u00e1culo)<br \/>\nPara m\u00e1s informaci\u00f3n visitar el Sitio web https:\/\/filarmonica.rionegro.gov.ar\/<\/p>\n","protected":false},"excerpt":{"rendered":"<p>El programa de concierto incluir\u00e1 el estreno de \u201cEl Tronador\u201d, preludio sinf\u00f3nico compuesto por Francisco V\u00e1squez; el Concierto para viol\u00edn Op. 61 de Ludwig Van Beethoven con la participaci\u00f3n como solista del concertino de la orquesta, Luis Salva; el R\u00e9quiem Op. 48 de Gabriel Faur\u00e9 y el Agnus Dei de la Misa Nro. 2 de [&hellip;]<\/p>\n","protected":false},"author":3,"featured_media":0,"comment_status":"closed","ping_status":"open","sticky":false,"template":"","format":"standard","meta":{"_monsterinsights_skip_tracking":false,"_monsterinsights_sitenote_active":false,"_monsterinsights_sitenote_note":"","_monsterinsights_sitenote_category":0,"footnotes":""},"categories":[5],"tags":[],"class_list":["post-868","post","type-post","status-publish","format-standard","hentry","category-noticias-y-actualidad"],"_links":{"self":[{"href":"https:\/\/iglesiacatedralbariloche.com\/noticias\/wp-json\/wp\/v2\/posts\/868","targetHints":{"allow":["GET"]}}],"collection":[{"href":"https:\/\/iglesiacatedralbariloche.com\/noticias\/wp-json\/wp\/v2\/posts"}],"about":[{"href":"https:\/\/iglesiacatedralbariloche.com\/noticias\/wp-json\/wp\/v2\/types\/post"}],"author":[{"embeddable":true,"href":"https:\/\/iglesiacatedralbariloche.com\/noticias\/wp-json\/wp\/v2\/users\/3"}],"replies":[{"embeddable":true,"href":"https:\/\/iglesiacatedralbariloche.com\/noticias\/wp-json\/wp\/v2\/comments?post=868"}],"version-history":[{"count":2,"href":"https:\/\/iglesiacatedralbariloche.com\/noticias\/wp-json\/wp\/v2\/posts\/868\/revisions"}],"predecessor-version":[{"id":871,"href":"https:\/\/iglesiacatedralbariloche.com\/noticias\/wp-json\/wp\/v2\/posts\/868\/revisions\/871"}],"wp:attachment":[{"href":"https:\/\/iglesiacatedralbariloche.com\/noticias\/wp-json\/wp\/v2\/media?parent=868"}],"wp:term":[{"taxonomy":"category","embeddable":true,"href":"https:\/\/iglesiacatedralbariloche.com\/noticias\/wp-json\/wp\/v2\/categories?post=868"},{"taxonomy":"post_tag","embeddable":true,"href":"https:\/\/iglesiacatedralbariloche.com\/noticias\/wp-json\/wp\/v2\/tags?post=868"}],"curies":[{"name":"wp","href":"https:\/\/api.w.org\/{rel}","templated":true}]}}